{"id":1971278,"date":"2023-05-12T16:03:06","date_gmt":"2023-05-12T15:03:06","guid":{"rendered":"https:\/\/www.hostettler.com\/?p=1971278"},"modified":"2024-05-14T14:33:22","modified_gmt":"2024-05-14T13:33:22","slug":"debut-de-la-commercialisation-des-velos-electriques-yamaha-en-suisse","status":"publish","type":"post","link":"https:\/\/www.hostettler.com\/fr\/debut-de-la-commercialisation-des-velos-electriques-yamaha-en-suisse\/","title":{"rendered":"D\u00e9but de la commercialisation des v\u00e9los \u00e9lectriques Yamaha en Suisse"},"content":{"rendered":"<img loading=\"lazy\" decoding=\"async\" class=\"alignnone size-full wp-image-1964667\" src=\"https:\/\/www.hostettler.com\/wp-content\/uploads\/2023\/05\/NEWS_Yamaha_eBikes_act_0523.jpg\" alt=\"\" width=\"1200\" height=\"675\" srcset=\"https:\/\/www.hostettler.com\/wp-content\/uploads\/2023\/05\/NEWS_Yamaha_eBikes_act_0523.jpg 1200w, https:\/\/www.hostettler.com\/wp-content\/uploads\/2023\/05\/NEWS_Yamaha_eBikes_act_0523-300x169.jpg 300w, https:\/\/www.hostettler.com\/wp-content\/uploads\/2023\/05\/NEWS_Yamaha_eBikes_act_0523-1024x576.jpg 1024w, https:\/\/www.hostettler.com\/wp-content\/uploads\/2023\/05\/NEWS_Yamaha_eBikes_act_0523-150x84.jpg 150w, https:\/\/www.hostettler.com\/wp-content\/uploads\/2023\/05\/NEWS_Yamaha_eBikes_act_0523-768x432.jpg 768w, https:\/\/www.hostettler.com\/wp-content\/uploads\/2023\/05\/NEWS_Yamaha_eBikes_act_0523-50x28.jpg 50w, https:\/\/www.hostettler.com\/wp-content\/uploads\/2023\/05\/NEWS_Yamaha_eBikes_act_0523-178x100.jpg 178w\" sizes=\"auto, (max-width: 1200px) 100vw, 1200px\" \/>\n<div class=\"is-style-roboto-bold\">En mars 2022, Yamaha annon\u00e7ait, sous la devise \u00abSwitch ON\u00bb, son intention d\u2019op\u00e9rer dans le segment de l\u2019\u00e9lectromobilit\u00e9 \u00e0 travers ses propres produits. Faisant suite \u00e0 la commercialisation du premier scooter \u00e9lectrique en avril 2022, Yamaha mettra en vente \u00e0 compter de mai 2023 trois mod\u00e8les de eBikes en Suisse. Les v\u00e9los \u00e9lectriques seront vendus sous le concept du mod\u00e8le d\u2019agence exclusivement via le r\u00e9seau de revendeurs s\u00e9lectionn\u00e9s Yamaha (YEEC), en association avec la boutique en ligne Yamaha, sur laquelle seront g\u00e9r\u00e9es toutes les commandes.<\/div>\n<\/p>\n<p><strong>30 ann\u00e9es d\u2019exp\u00e9rience dans la propulsion \u00e9lectrique pour v\u00e9los<\/strong><br \/>\nYamaha est l\u2019un des pionniers du d\u00e9veloppement de v\u00e9hicules \u00e9lectriques. Un parcours qui remonte jusqu\u2019au premier \u00abPower Assist System\u00bb (PAS) du d\u00e9but des ann\u00e9es 1990, qui a vu la naissance du premier v\u00e9lo \u00e9lectrique fabriqu\u00e9 en s\u00e9rie. Depuis, Yamaha s\u2019est \u00e9tabli comme le leader de la production de moteurs \u00e9lectriques l\u00e9gers et compacts pour de nombreux fabricants de v\u00e9los. En 3 d\u00e9cennies, la marque en a vendu quelque 7 millions d\u2019unit\u00e9s.<\/p>\n<p><strong>eBikes enti\u00e8rement made by Yamaha<\/strong><br \/>\n\u00c0 pr\u00e9sent, Yamaha franchit le pas vers le statut de marque maison globale et pr\u00e9sente trois v\u00e9los \u00e9lectriques, les mod\u00e8les Moro 07, Wabash RT et CrossCore RC, respectivement pour les segments E-MTB, Gravel et Urban.<\/p>\n<a href=\"https:\/\/www.yamaha-motor.eu\/ch\/de\/products\/ebike\/\" target=\"_blank\" rel=\"noopener\"><img loading=\"lazy\" decoding=\"async\" class=\"alignnone size-full wp-image-1964670\" src=\"https:\/\/www.hostettler.com\/wp-content\/uploads\/2023\/05\/NEWS_Yamaha_eBikes_0523.jpg\" alt=\"\" width=\"1200\" height=\"400\" srcset=\"https:\/\/www.hostettler.com\/wp-content\/uploads\/2023\/05\/NEWS_Yamaha_eBikes_0523.jpg 1200w, https:\/\/www.hostettler.com\/wp-content\/uploads\/2023\/05\/NEWS_Yamaha_eBikes_0523-300x100.jpg 300w, https:\/\/www.hostettler.com\/wp-content\/uploads\/2023\/05\/NEWS_Yamaha_eBikes_0523-1024x341.jpg 1024w, https:\/\/www.hostettler.com\/wp-content\/uploads\/2023\/05\/NEWS_Yamaha_eBikes_0523-150x50.jpg 150w, https:\/\/www.hostettler.com\/wp-content\/uploads\/2023\/05\/NEWS_Yamaha_eBikes_0523-768x256.jpg 768w, https:\/\/www.hostettler.com\/wp-content\/uploads\/2023\/05\/NEWS_Yamaha_eBikes_0523-50x17.jpg 50w, https:\/\/www.hostettler.com\/wp-content\/uploads\/2023\/05\/NEWS_Yamaha_eBikes_0523-200x67.jpg 200w\" sizes=\"auto, (max-width: 1200px) 100vw, 1200px\" \/><\/a>\n<p>&nbsp;<\/p>\n<p><strong>Vente via les revendeurs de motos Yamaha et la boutique en ligne Yamaha<\/strong><br \/>\nLes v\u00e9los \u00e9lectriques seront vendus sous le concept du mod\u00e8le d\u2019agence exclusivement via le r\u00e9seau de revendeurs s\u00e9lectionn\u00e9s Yamaha (YEEC), en association avec la boutique en ligne Yamaha, sur laquelle seront g\u00e9r\u00e9es toutes les commandes. Dans les deux cas, le client d\u00e9cide s\u2019il veut r\u00e9cup\u00e9rer son v\u00e9lo \u00e9lectrique aupr\u00e8s du revendeur ou le faire livrer directement \u00e0 son domicile. Les v\u00e9los \u00e9lectriques peuvent \u00eatre vus et essay\u00e9s au pr\u00e9alable dans les Yamaha eBike Experience Centers. Tous les v\u00e9los \u00e9lectriques \u00e9tant stock\u00e9s chez notre partenaire logistique Zibatra, leur d\u00e9lai de livraison est de 5 \u00e0 7 jours. Zibatra est charg\u00e9 du montage pr\u00eat \u00e0 rouler des v\u00e9los \u00e9lectriques pour les clients. Pour que les nouveaux propri\u00e9taires puissent r\u00e9gler leur v\u00e9lo en fonction de leurs besoins, Yamaha a publi\u00e9 un tutoriel vid\u00e9o sp\u00e9cifique sur YouTube.<\/p>\n","protected":false},"excerpt":{"rendered":"<p>En mars 2022, Yamaha annon\u00e7ait, sous la devise \u00abSwitch ON\u00bb, son intention d\u2019op\u00e9rer dans le segment de l\u2019\u00e9lectromobilit\u00e9 \u00e0 travers ses propres produits. Faisant suite \u00e0 la commercialisation du premier scooter \u00e9lectrique en avril 2022, Yamaha mettra en vente \u00e0 compter de mai 2023 trois mod\u00e8les de eBikes en Suisse.<\/p>\n","protected":false},"author":10,"featured_media":1964669,"comment_status":"closed","ping_status":"closed","sticky":false,"template":"","format":"standard","meta":{"_acf_changed":false,"_genesis_hide_title":false,"_genesis_hide_breadcrumbs":false,"_genesis_hide_singular_image":false,"_genesis_hide_footer_widgets":false,"_genesis_custom_body_class":"","_genesis_custom_post_class":"","_genesis_layout":"","footnotes":""},"categories":[12],"tags":[],"class_list":{"0":"post-1971278","1":"post","2":"type-post","3":"status-publish","4":"format-standard","5":"has-post-thumbnail","7":"category-hostettler-group","8":"entry"},"acf":[],"_links":{"self":[{"href":"https:\/\/www.hostettler.com\/fr\/wp-json\/wp\/v2\/posts\/1971278","targetHints":{"allow":["GET"]}}],"collection":[{"href":"https:\/\/www.hostettler.com\/fr\/wp-json\/wp\/v2\/posts"}],"about":[{"href":"https:\/\/www.hostettler.com\/fr\/wp-json\/wp\/v2\/types\/post"}],"author":[{"embeddable":true,"href":"https:\/\/www.hostettler.com\/fr\/wp-json\/wp\/v2\/users\/10"}],"replies":[{"embeddable":true,"href":"https:\/\/www.hostettler.com\/fr\/wp-json\/wp\/v2\/comments?post=1971278"}],"version-history":[{"count":0,"href":"https:\/\/www.hostettler.com\/fr\/wp-json\/wp\/v2\/posts\/1971278\/revisions"}],"wp:featuredmedia":[{"embeddable":true,"href":"https:\/\/www.hostettler.com\/fr\/wp-json\/wp\/v2\/media\/1964669"}],"wp:attachment":[{"href":"https:\/\/www.hostettler.com\/fr\/wp-json\/wp\/v2\/media?parent=1971278"}],"wp:term":[{"taxonomy":"category","embeddable":true,"href":"https:\/\/www.hostettler.com\/fr\/wp-json\/wp\/v2\/categories?post=1971278"},{"taxonomy":"post_tag","embeddable":true,"href":"https:\/\/www.hostettler.com\/fr\/wp-json\/wp\/v2\/tags?post=1971278"}],"curies":[{"name":"wp","href":"https:\/\/api.w.org\/{rel}","templated":true}]}}