{"id":4517,"date":"2018-09-27T09:11:27","date_gmt":"2018-09-27T08:11:27","guid":{"rendered":"http:\/\/www.hostettler.com\/?p=4517"},"modified":"2024-05-14T10:11:56","modified_gmt":"2024-05-14T09:11:56","slug":"projet-de-renovation-hostettler-group-sursee","status":"publish","type":"post","link":"https:\/\/www.hostettler.com\/fr\/projet-de-renovation-hostettler-group-sursee\/","title":{"rendered":"Projet de r\u00e9novation hostettler group, Sursee"},"content":{"rendered":"<h2>L\u2019hostettler group modernise les surfaces commerciales du si\u00e8ge de Sursee \/ LU<\/h2>\n<p>R\u00e9novation du showroom des motos Yamaha et de la boutique de v\u00eatements et d\u2019accessoires jusqu\u2019en mars 2019<\/p>\n<img loading=\"lazy\" decoding=\"async\" class=\"alignnone wp-image-4573 size-full\" src=\"https:\/\/www.hostettler.com\/wp-content\/uploads\/2018\/07\/A_Hostettler-Sursee_Geba\u0308ude_neu_1018-1.jpg\" alt=\"\" width=\"1200\" height=\"675\" srcset=\"https:\/\/www.hostettler.com\/wp-content\/uploads\/2018\/07\/A_Hostettler-Sursee_Geba\u0308ude_neu_1018-1.jpg 1200w, https:\/\/www.hostettler.com\/wp-content\/uploads\/2018\/07\/A_Hostettler-Sursee_Geba\u0308ude_neu_1018-1-150x84.jpg 150w, https:\/\/www.hostettler.com\/wp-content\/uploads\/2018\/07\/A_Hostettler-Sursee_Geba\u0308ude_neu_1018-1-300x169.jpg 300w, https:\/\/www.hostettler.com\/wp-content\/uploads\/2018\/07\/A_Hostettler-Sursee_Geba\u0308ude_neu_1018-1-768x432.jpg 768w, https:\/\/www.hostettler.com\/wp-content\/uploads\/2018\/07\/A_Hostettler-Sursee_Geba\u0308ude_neu_1018-1-1024x576.jpg 1024w, https:\/\/www.hostettler.com\/wp-content\/uploads\/2018\/07\/A_Hostettler-Sursee_Geba\u0308ude_neu_1018-1-50x28.jpg 50w, https:\/\/www.hostettler.com\/wp-content\/uploads\/2018\/07\/A_Hostettler-Sursee_Geba\u0308ude_neu_1018-1-178x100.jpg 178w\" sizes=\"auto, (max-width: 1200px) 100vw, 1200px\" \/>\n<div class=\"is-style-roboto-bold\">A partir du 1er octobre 2018 d\u00e9buteront les travaux de r\u00e9novation au si\u00e8ge du hostettler group \u00e0 Sursee. Le commerce de d\u00e9tail appartenant \u00e0 la filiale hostettler retail ag se verra dot\u00e9 d\u2019un showroom pour les motos Yamaha r\u00e9pondant aux standards les plus actuels ainsi que d\u2019une boutique moderne de v\u00eatements et d\u2019accessoires. Pendant la phase de r\u00e9novation, le commerce continuera de fonctionner avec quelques restrictions et divers espaces provisoires. La r\u00e9ouverture des nouveaux espaces de vente et d\u2019exposition est pr\u00e9vue pour mars 2019.<\/div>\n<\/p>\n<p>En 1999, dans le cadre de travaux d\u2019extension du si\u00e8ge de Sursee, l\u2019hostettler group avait cr\u00e9\u00e9 des espaces de vente et d\u2019exposition d\u2019environ 3000\u00a0m\u00b2 destin\u00e9s aux motos Yamaha, \u00e0 sa propre marque de v\u00eatements iXS ainsi qu\u2019\u00e0 des marques leader dans le domaine de v\u00eatements, des pi\u00e8ces et des accessoires. Depuis 2017, ce site est g\u00e9r\u00e9 par la filiale hostettler retail ag en tant que commerce de d\u00e9tail. Le showroom de motos Yamaha et la boutique de v\u00eatements et d\u2019accessoires seront totalement r\u00e9nov\u00e9s \u00e0 partir du 1er octobre 2018 afin de pouvoir offrir \u00e0 la client\u00e8le une exp\u00e9rience d\u2019achat moderne et orient\u00e9e vers le client \u00e0 partir de mars 2019.<\/p>\n<img loading=\"lazy\" decoding=\"async\" class=\"alignnone wp-image-4553 size-full\" src=\"https:\/\/www.hostettler.com\/wp-content\/uploads\/2018\/07\/A_Hostettler-Sursee_Geba\u0308ude_aktuell_1018.jpg\" alt=\"\" width=\"1200\" height=\"475\" srcset=\"https:\/\/www.hostettler.com\/wp-content\/uploads\/2018\/07\/A_Hostettler-Sursee_Geba\u0308ude_aktuell_1018.jpg 1200w, https:\/\/www.hostettler.com\/wp-content\/uploads\/2018\/07\/A_Hostettler-Sursee_Geba\u0308ude_aktuell_1018-150x59.jpg 150w, https:\/\/www.hostettler.com\/wp-content\/uploads\/2018\/07\/A_Hostettler-Sursee_Geba\u0308ude_aktuell_1018-300x119.jpg 300w, https:\/\/www.hostettler.com\/wp-content\/uploads\/2018\/07\/A_Hostettler-Sursee_Geba\u0308ude_aktuell_1018-768x304.jpg 768w, https:\/\/www.hostettler.com\/wp-content\/uploads\/2018\/07\/A_Hostettler-Sursee_Geba\u0308ude_aktuell_1018-1024x405.jpg 1024w, https:\/\/www.hostettler.com\/wp-content\/uploads\/2018\/07\/A_Hostettler-Sursee_Geba\u0308ude_aktuell_1018-50x20.jpg 50w, https:\/\/www.hostettler.com\/wp-content\/uploads\/2018\/07\/A_Hostettler-Sursee_Geba\u0308ude_aktuell_1018-200x79.jpg 200w\" sizes=\"auto, (max-width: 1200px) 100vw, 1200px\" \/>\n<h3>Espace commercial r\u00e9duit pendant la p\u00e9riode des travaux<\/h3>\n<p>A compter du 1er octobre 2018, hostettler retail ag \u00e0 Sursee servira sa client\u00e8le dans un espace provisoire. Une s\u00e9lection restreinte de v\u00eatements et d&rsquo;accessoires pourront \u00eatre essay\u00e9s et achet\u00e9s. L\u2019exposition des motos neuves se limite d\u2019ailleurs \u00e0 quelques mod\u00e8les. En revanche, l\u2019offre compl\u00e8te des v\u00e9hicules d\u2019occasion de toutes les marques sont expos\u00e9e et l\u2019atelier continue de fonctionner comme \u00e0 l\u2019accoutum\u00e9e. Le showroom Yamaha actuel situ\u00e9 au rez-de-chauss\u00e9e et la boutique de v\u00eatements et d\u2019accessoires au premier \u00e9tage sont ferm\u00e9s pendant la p\u00e9riode de r\u00e9novation.<\/p>\n<h3>Fermeture annuelle<\/h3>\n<p>Le si\u00e8ge de Sursee et donc \u00e9galement\u00a0la filiale hostettler retail ag seront ferm\u00e9s entre No\u00ebl et le Nouvel An. Le site de Sursee sera ferm\u00e9 du lundi 24 d\u00e9cembre 2018 (\u00e0 partir de 12h00) au mercredi 2 janvier 2019. L\u2019espace provisoire sera de nouveau ouvert \u00e0 partir du jeudi 3 janvier 2019.<\/p>\n<img loading=\"lazy\" decoding=\"async\" class=\"alignnone wp-image-4556 size-full\" src=\"https:\/\/www.hostettler.com\/wp-content\/uploads\/2018\/07\/A_Yamaha-Center_aussen_visual_1018.jpg\" alt=\"\" width=\"1200\" height=\"475\" srcset=\"https:\/\/www.hostettler.com\/wp-content\/uploads\/2018\/07\/A_Yamaha-Center_aussen_visual_1018.jpg 1200w, https:\/\/www.hostettler.com\/wp-content\/uploads\/2018\/07\/A_Yamaha-Center_aussen_visual_1018-150x59.jpg 150w, https:\/\/www.hostettler.com\/wp-content\/uploads\/2018\/07\/A_Yamaha-Center_aussen_visual_1018-300x119.jpg 300w, https:\/\/www.hostettler.com\/wp-content\/uploads\/2018\/07\/A_Yamaha-Center_aussen_visual_1018-768x304.jpg 768w, https:\/\/www.hostettler.com\/wp-content\/uploads\/2018\/07\/A_Yamaha-Center_aussen_visual_1018-1024x405.jpg 1024w, https:\/\/www.hostettler.com\/wp-content\/uploads\/2018\/07\/A_Yamaha-Center_aussen_visual_1018-50x20.jpg 50w, https:\/\/www.hostettler.com\/wp-content\/uploads\/2018\/07\/A_Yamaha-Center_aussen_visual_1018-200x79.jpg 200w\" sizes=\"auto, (max-width: 1200px) 100vw, 1200px\" \/>\n<h3>R\u00e9ouverture pr\u00e9vue \u00e0 partir de mars 2019<\/h3>\n<p>La hostettler retail ag \u00e0 Sursee accueillera ses clients dans ses nouveaux locaux de vente et d&rsquo;exposition de 3000\u00a0m\u00b2 \u00e0 partir de mars 2019, \u00e0 condition que les travaux de transformation se d\u00e9roulent selon le calendrier en place. Les produits seront mis en sc\u00e8ne d\u2019une mani\u00e8re encore plus attrayante. Les visiteurs et les personnes int\u00e9ress\u00e9es jouiront ainsi d\u2019une exp\u00e9rience d\u2019achat impressionnante et d\u2019un service client performant.<\/p>\n<p>Dans le cadre de la r\u00e9novation, l\u2019entr\u00e9e principale sera d\u00e9plac\u00e9e, les travaux de r\u00e9novation des abords r\u00e9alis\u00e9s et l\u2019offre en places de stationnement adapt\u00e9e.<\/p>\n<img loading=\"lazy\" decoding=\"async\" class=\"alignnone wp-image-4559 size-full\" src=\"https:\/\/www.hostettler.com\/wp-content\/uploads\/2018\/07\/A_Yamaha-Store_visual_1018.jpg\" alt=\"\" width=\"1200\" height=\"475\" srcset=\"https:\/\/www.hostettler.com\/wp-content\/uploads\/2018\/07\/A_Yamaha-Store_visual_1018.jpg 1200w, https:\/\/www.hostettler.com\/wp-content\/uploads\/2018\/07\/A_Yamaha-Store_visual_1018-150x59.jpg 150w, https:\/\/www.hostettler.com\/wp-content\/uploads\/2018\/07\/A_Yamaha-Store_visual_1018-300x119.jpg 300w, https:\/\/www.hostettler.com\/wp-content\/uploads\/2018\/07\/A_Yamaha-Store_visual_1018-768x304.jpg 768w, https:\/\/www.hostettler.com\/wp-content\/uploads\/2018\/07\/A_Yamaha-Store_visual_1018-1024x405.jpg 1024w, https:\/\/www.hostettler.com\/wp-content\/uploads\/2018\/07\/A_Yamaha-Store_visual_1018-50x20.jpg 50w, https:\/\/www.hostettler.com\/wp-content\/uploads\/2018\/07\/A_Yamaha-Store_visual_1018-200x79.jpg 200w\" sizes=\"auto, (max-width: 1200px) 100vw, 1200px\" \/>\n<h2>Le plus grand showroom de Suisse b\u00e9n\u00e9ficiant de la nouvelle identit\u00e9 visuelle de Yamaha<\/h2>\n<p>Au rez-de-chauss\u00e9e un store sur plus de 1700\u00a0m\u00b2 r\u00e9pondant aux nouvelles normes d\u2019identit\u00e9 visuelle de Yamaha verra le jour. Celui pr\u00e9sentera toute la gamme des mod\u00e8les Yamaha, y compris les accessoires d\u2019origine correspondants, dans trois univers intitul\u00e9s <strong>RACE, FEEL, MOVE<\/strong>, qui se distinguent par trois couleurs diff\u00e9rentes. Dans ces univers th\u00e9matiques, les visiteurs trouveront des offres adapt\u00e9es correspondant \u00e0 leur plaisir de conduire sportif, \u00e9motionnel ou pratique.<\/p>\n<p>La zone bleue <strong>RACE<\/strong> accueille les passionn\u00e9s de comp\u00e9tition. Ici sont pr\u00e9sent\u00e9s les mod\u00e8les des segments Supersport et Off Road Competition destin\u00e9s \u00e0 une utilisation sportive sur route, sur piste ou dans le terrain.<\/p>\n<p>La plus grande zone en termes de surface, intitul\u00e9e <strong>FEEL<\/strong> est de couleur rouge et pr\u00e9sente les segments de mod\u00e8les Hyper Naked, Sport Touring, Sport Heritage et Adventure. Cette zone s\u2019adresse aux clients passionn\u00e9s et d\u00e9sireux d\u2019utiliser leur moto \u00e0 la fois pour de br\u00e8ves excursions, des sorties de week-end riches en \u00e9v\u00e9nements ou des vacances prolong\u00e9es.<\/p>\n<p>Le secteur <strong>MOVE<\/strong> et ses segments de produits 50 cm\u00b3, Urban Mobility et Sport Scooters, se pr\u00e9sente sous la couleur blanche. Les clients trouvent ici leur solution de mobilit\u00e9 pratique pour le transport urbain et permettant de se rendre avec rapidit\u00e9 et facilit\u00e9 du point A au point B.<\/p>\n<p>Tout est nouveau: de la composition des plafonds et des murs aux couleurs assorties jusqu\u2019au carrelage de qualit\u00e9 sup\u00e9rieure, en passant par le mobilier et l\u2019installation d\u2019\u00e9clairage \u00e0 LED \u00e0 faible consommation d\u2019\u00e9nergie. L\u2019am\u00e9nagement int\u00e9rieur est caract\u00e9ris\u00e9 par un mobilier en bois clair qui cr\u00e9e une atmosph\u00e8re chaleureuse et conviviale et refl\u00e8te la culture japonaise.<\/p>\n<p>La subdivision en \u00eelots d\u2019exposition dot\u00e9s de d\u00e9signations de zones et de voies pi\u00e9tonnes visibles, permette aux visiteurs de s\u2019orienter ais\u00e9ment. Les divers espaces sont \u00e9quip\u00e9s de syst\u00e8mes multim\u00e9dia modernes. Des vid\u00e9os et des galeries d\u2019images sur les produits, les \u00e9v\u00e9nements et les th\u00e8mes d\u2019actualit\u00e9 seront diffus\u00e9es sur des \u00e9crans plats.<\/p>\n<p>La zone centrale de ce concept est \u00e9galement une zone de rencontre appel\u00e9e <strong>Core<\/strong>. Ce noyau est en fait un cube \u00e9quip\u00e9 de grands \u00e9crans tactiles. Le client peut alors soit configurer lui-m\u00eame le v\u00e9hicule souhait\u00e9, soit l&rsquo;examiner avec le conseiller \u00e0 la client\u00e8le et l\u2019observer dans une vue 3D tr\u00e8s r\u00e9aliste. La configuration finale du v\u00e9hicule peut \u00eatre sauvegard\u00e9e et transmise. Ce syst\u00e8me ouvre de nouvelles possibilit\u00e9s de communication de marque individuelle et interactive entre le fabricant, le distributeur et le client final.<\/p>\n<img loading=\"lazy\" decoding=\"async\" class=\"alignnone wp-image-4565 size-full\" src=\"https:\/\/www.hostettler.com\/wp-content\/uploads\/2018\/07\/A_Bekleidungs-Shop_visual_1018.jpg\" alt=\"\" width=\"1200\" height=\"475\" srcset=\"https:\/\/www.hostettler.com\/wp-content\/uploads\/2018\/07\/A_Bekleidungs-Shop_visual_1018.jpg 1200w, https:\/\/www.hostettler.com\/wp-content\/uploads\/2018\/07\/A_Bekleidungs-Shop_visual_1018-150x59.jpg 150w, https:\/\/www.hostettler.com\/wp-content\/uploads\/2018\/07\/A_Bekleidungs-Shop_visual_1018-300x119.jpg 300w, https:\/\/www.hostettler.com\/wp-content\/uploads\/2018\/07\/A_Bekleidungs-Shop_visual_1018-768x304.jpg 768w, https:\/\/www.hostettler.com\/wp-content\/uploads\/2018\/07\/A_Bekleidungs-Shop_visual_1018-1024x405.jpg 1024w, https:\/\/www.hostettler.com\/wp-content\/uploads\/2018\/07\/A_Bekleidungs-Shop_visual_1018-50x20.jpg 50w, https:\/\/www.hostettler.com\/wp-content\/uploads\/2018\/07\/A_Bekleidungs-Shop_visual_1018-200x79.jpg 200w\" sizes=\"auto, (max-width: 1200px) 100vw, 1200px\" \/>\n<h3>Boutique v\u00eatements et accessoires de la propre marque iXS et de marques de renom<\/h3>\n<p>Au 1er \u00e9tage, le r\u00e9am\u00e9nagement de la surface commerciale de plus de 900\u00a0m\u00b2 de la boutique v\u00eatements et accessoires moto am\u00e9liore grandement la pr\u00e9sentation des diff\u00e9rents produits et optimise ainsi le service \u00e0 la client\u00e8le.<\/p>\n<p>Gr\u00e2ce \u00e0 ses espaces th\u00e9matiques clairement structur\u00e9s, le nouveau concept de magasin offre une vue d\u2019ensemble \u00e9pur\u00e9e et invite le client \u00e0 s\u2019attarder en lui proposant diff\u00e9rentes opportunit\u00e9s de s\u2019asseoir. De g\u00e9n\u00e9reuses surfaces d\u2019exposition invitent le visiteur \u00e0 d\u00e9couvrir la large gamme de v\u00eatements fonctionnels et de loisirs de la t\u00eate aux pieds, de casques et d\u2019accessoires techniques propos\u00e9s par des fabricants leader. Gr\u00e2ce \u00e0 sa s\u00e9lection de tailles \u00abPerfect Fit\u00bb, la marque suisse iXS offre une multitude d\u2019ajustements possibles.<\/p>\n<p>Un ing\u00e9nieux syst\u00e8me \u00e0 double paroi permet de stocker les articles les plus demand\u00e9s \u00e0 port\u00e9e de main, ce qui r\u00e9duit consid\u00e9rablement les temps d&rsquo;attente pour les clients.<\/p>\n","protected":false},"excerpt":{"rendered":"<p>A partir du 1er octobre 2018 d\u00e9buteront les travaux de r\u00e9novation au si\u00e8ge du hostettler group \u00e0 Sursee. Le commerce de d\u00e9tail appartenant \u00e0 la filiale hostettler retail ag se verra dot\u00e9 d\u2019un showroom pour les motos Yamaha r\u00e9pondant aux standards les plus actuels ainsi que d\u2019une boutique moderne de v\u00eatements et d\u2019accessoires. Pendant la phase de r\u00e9novation, le commerce continuera de fonctionner avec quelques restrictions et divers espaces provisoires. La r\u00e9ouverture des nouveaux espaces de vente et d\u2019exposition est pr\u00e9vue pour mars 2019.<\/p>\n","protected":false},"author":5,"featured_media":4573,"comment_status":"closed","ping_status":"closed","sticky":false,"template":"","format":"standard","meta":{"_acf_changed":false,"_genesis_hide_title":false,"_genesis_hide_breadcrumbs":false,"_genesis_hide_singular_image":false,"_genesis_hide_footer_widgets":false,"_genesis_custom_body_class":"","_genesis_custom_post_class":"","_genesis_layout":"","footnotes":""},"categories":[12],"tags":[],"class_list":{"0":"post-4517","1":"post","2":"type-post","3":"status-publish","4":"format-standard","5":"has-post-thumbnail","7":"category-hostettler-group","8":"entry"},"acf":[],"_links":{"self":[{"href":"https:\/\/www.hostettler.com\/fr\/wp-json\/wp\/v2\/posts\/4517","targetHints":{"allow":["GET"]}}],"collection":[{"href":"https:\/\/www.hostettler.com\/fr\/wp-json\/wp\/v2\/posts"}],"about":[{"href":"https:\/\/www.hostettler.com\/fr\/wp-json\/wp\/v2\/types\/post"}],"author":[{"embeddable":true,"href":"https:\/\/www.hostettler.com\/fr\/wp-json\/wp\/v2\/users\/5"}],"replies":[{"embeddable":true,"href":"https:\/\/www.hostettler.com\/fr\/wp-json\/wp\/v2\/comments?post=4517"}],"version-history":[{"count":0,"href":"https:\/\/www.hostettler.com\/fr\/wp-json\/wp\/v2\/posts\/4517\/revisions"}],"wp:featuredmedia":[{"embeddable":true,"href":"https:\/\/www.hostettler.com\/fr\/wp-json\/wp\/v2\/media\/4573"}],"wp:attachment":[{"href":"https:\/\/www.hostettler.com\/fr\/wp-json\/wp\/v2\/media?parent=4517"}],"wp:term":[{"taxonomy":"category","embeddable":true,"href":"https:\/\/www.hostettler.com\/fr\/wp-json\/wp\/v2\/categories?post=4517"},{"taxonomy":"post_tag","embeddable":true,"href":"https:\/\/www.hostettler.com\/fr\/wp-json\/wp\/v2\/tags?post=4517"}],"curies":[{"name":"wp","href":"https:\/\/api.w.org\/{rel}","templated":true}]}}