{"id":5527,"date":"2019-04-05T07:30:35","date_gmt":"2019-04-05T06:30:35","guid":{"rendered":"http:\/\/www.hostettler.com\/?p=5527"},"modified":"2024-05-14T10:18:28","modified_gmt":"2024-05-14T09:18:28","slug":"open-weekend-hostettler-group-sursee","status":"publish","type":"post","link":"https:\/\/www.hostettler.com\/fr\/open-weekend-hostettler-group-sursee\/","title":{"rendered":"Open Weekend hostettler group, Sursee"},"content":{"rendered":"<h2>Inauguration du centre Yamaha et de la boutique de v\u00eatements et d\u2019accessoires r\u00e9am\u00e9nag\u00e9s<\/h2>\n<div class=\"is-style-roboto-bold\">Le week-end des 30 et 31 mars 2019, apr\u00e8s cinq mois de travaux intensifs, le groupe hostettler a organis\u00e9 un \u00ab Open Weekend \u00bb pour inaugurer les locaux de vente modernis\u00e9s de son si\u00e8ge principal, dans la zone industrielle de Sursee (LU). Pr\u00e8s de 4000 visiteurs ont particip\u00e9 \u00e0 cette f\u00eate sous un soleil radieux.<\/div>\n<\/p>\n<img loading=\"lazy\" decoding=\"async\" class=\"alignnone wp-image-8230 size-full\" src=\"https:\/\/www.hostettler.com\/wp-content\/uploads\/2019\/03\/A_OpenWeekend_Management-ribbon-cut_2.jpg\" alt=\"\" width=\"1200\" height=\"675\" srcset=\"https:\/\/www.hostettler.com\/wp-content\/uploads\/2019\/03\/A_OpenWeekend_Management-ribbon-cut_2.jpg 1200w, https:\/\/www.hostettler.com\/wp-content\/uploads\/2019\/03\/A_OpenWeekend_Management-ribbon-cut_2-150x84.jpg 150w, https:\/\/www.hostettler.com\/wp-content\/uploads\/2019\/03\/A_OpenWeekend_Management-ribbon-cut_2-300x169.jpg 300w, https:\/\/www.hostettler.com\/wp-content\/uploads\/2019\/03\/A_OpenWeekend_Management-ribbon-cut_2-768x432.jpg 768w, https:\/\/www.hostettler.com\/wp-content\/uploads\/2019\/03\/A_OpenWeekend_Management-ribbon-cut_2-1024x576.jpg 1024w, https:\/\/www.hostettler.com\/wp-content\/uploads\/2019\/03\/A_OpenWeekend_Management-ribbon-cut_2-50x28.jpg 50w, https:\/\/www.hostettler.com\/wp-content\/uploads\/2019\/03\/A_OpenWeekend_Management-ribbon-cut_2-178x100.jpg 178w\" sizes=\"auto, (max-width: 1200px) 100vw, 1200px\" \/>\n<p><strong>De gauche \u00e0 droite:<\/strong> Peter Hostettler (copropri\u00e9taire hostettler group), Francesco Marinelli (directeur hostettler retail ag), Suzana Jotovic (CEO agence Hauser &amp; Partner), Thomas Grasser (Responsable logistique) et Vincent Mentha (directeur Yamaha Motor Suisse) inaugurent ensemble et officiellement la succursale hostettler retail ag nouvellement r\u00e9nov\u00e9e au si\u00e8ge du groupe hostettler \u00e0 Sursee.<\/p>\n<p>Un ciel sans nuage et des temp\u00e9ratures printani\u00e8res offraient un cadre idyllique \u00e0 ce week-end d\u2019inauguration en tout point parfait. C\u2019est en grand nombre que les amateurs de motos, le plus souvent venus sur deux-roues, se sont retrouv\u00e9s tout au long de ces deux journ\u00e9es pour d\u00e9couvrir, admirer et fl\u00e2ner dans les locaux d\u2019exposition et de vente r\u00e9am\u00e9nag\u00e9s de hostettler retail ag \u00e0 Sursee. Cette entit\u00e9 g\u00e8re de mani\u00e8re ind\u00e9pendante les activit\u00e9s du commerce de d\u00e9tail du groupe hostettler. Les travaux ont donn\u00e9 vie \u00e0 l\u2019un des plus grands et des plus modernes showrooms Yamaha d\u2019Europe. L\u2019impressionnante superficie de pr\u00e8s de 3000 m\u00b2 int\u00e8gre un \u00ab Fashion et Accessoires Store \u00bb r\u00e9nov\u00e9, qui propose des v\u00eatements et des accessoires de la marque iXS de hostettler ainsi que d\u2019autres grandes marques sp\u00e9cialis\u00e9es. Des centaines de visiteurs ont profit\u00e9 des offres all\u00e9chantes d\u2019inauguration pour s\u2019\u00e9quiper \u00e0 neuf de pied en cap<\/p>\n<img loading=\"lazy\" decoding=\"async\" class=\"alignnone size-full wp-image-5510\" src=\"https:\/\/www.hostettler.com\/wp-content\/uploads\/2018\/07\/A_OpenWeekend_hostettler-Geba\u0308ude-aussen.jpg\" alt=\"\" width=\"1200\" height=\"475\" srcset=\"https:\/\/www.hostettler.com\/wp-content\/uploads\/2018\/07\/A_OpenWeekend_hostettler-Geba\u0308ude-aussen.jpg 1200w, https:\/\/www.hostettler.com\/wp-content\/uploads\/2018\/07\/A_OpenWeekend_hostettler-Geba\u0308ude-aussen-150x59.jpg 150w, https:\/\/www.hostettler.com\/wp-content\/uploads\/2018\/07\/A_OpenWeekend_hostettler-Geba\u0308ude-aussen-300x119.jpg 300w, https:\/\/www.hostettler.com\/wp-content\/uploads\/2018\/07\/A_OpenWeekend_hostettler-Geba\u0308ude-aussen-768x304.jpg 768w, https:\/\/www.hostettler.com\/wp-content\/uploads\/2018\/07\/A_OpenWeekend_hostettler-Geba\u0308ude-aussen-1024x405.jpg 1024w, https:\/\/www.hostettler.com\/wp-content\/uploads\/2018\/07\/A_OpenWeekend_hostettler-Geba\u0308ude-aussen-50x20.jpg 50w, https:\/\/www.hostettler.com\/wp-content\/uploads\/2018\/07\/A_OpenWeekend_hostettler-Geba\u0308ude-aussen-200x79.jpg 200w\" sizes=\"auto, (max-width: 1200px) 100vw, 1200px\" \/>\n<p><strong>Admirer, d\u00e9couvrir et faire du shopping dans le plus grand espace consacr\u00e9 \u00e0 la moto en Suisse<\/strong><br \/>\nLe showroom a \u00e9t\u00e9 r\u00e9alis\u00e9 conform\u00e9ment au Corporate Design de Yamaha, ce qui en garantit l\u2019ambiance et permet avant tout d\u2019offrir aux clients et visiteurs une exp\u00e9rience de marque sp\u00e9cifique \u00e0 l\u2019univers Yamaha. Dans la vaste zone d\u2019exposition et de shopping, les clients peuvent se laisser inspirer par les mod\u00e8les de motos les plus r\u00e9cents, tout en \u00e9tant divertis par de grands \u00e9crans de t\u00e9l\u00e9vision transmettant des info-divertissements command\u00e9s et diffus\u00e9s \u00e0 partir de la centrale de Yamaha Europe. Sur un configurateur \u00e0 la pointe de la modernit\u00e9, les personnes int\u00e9ress\u00e9es ont pu cr\u00e9er la moto de leur r\u00eave avec des accessoires d\u2019origine. \u00ab Nos clients ont ainsi la chance de profiter de l\u2019infrastructure la plus r\u00e9cente, de d\u00e9couvrir une offre diversifi\u00e9e de v\u00e9hicules, de v\u00eatements et d\u2019accessoires et de vivre une exp\u00e9rience unique. Nous sommes fiers d\u2019exploiter le plus grand espace moto de Suisse \u00bb, d\u00e9clare le copropri\u00e9taire Peter Hostettler, impressionn\u00e9 par la foule des visiteurs. Mentionnons tout particuli\u00e8rement le \u00ab Hall of Fame \u00bb qui contient de nombreuses informations int\u00e9ressantes sur l\u2019histoire du groupe hostettler et les personnes qui y ont contribu\u00e9 \u00e0 l\u2019essor de la soci\u00e9t\u00e9.<\/p>\n<img loading=\"lazy\" decoding=\"async\" class=\"alignnone size-full wp-image-5507\" src=\"https:\/\/www.hostettler.com\/wp-content\/uploads\/2018\/07\/A_OpenWeekend_Yamaha-Showroom_0419.jpg\" alt=\"\" width=\"1200\" height=\"475\" srcset=\"https:\/\/www.hostettler.com\/wp-content\/uploads\/2018\/07\/A_OpenWeekend_Yamaha-Showroom_0419.jpg 1200w, https:\/\/www.hostettler.com\/wp-content\/uploads\/2018\/07\/A_OpenWeekend_Yamaha-Showroom_0419-150x59.jpg 150w, https:\/\/www.hostettler.com\/wp-content\/uploads\/2018\/07\/A_OpenWeekend_Yamaha-Showroom_0419-300x119.jpg 300w, https:\/\/www.hostettler.com\/wp-content\/uploads\/2018\/07\/A_OpenWeekend_Yamaha-Showroom_0419-768x304.jpg 768w, https:\/\/www.hostettler.com\/wp-content\/uploads\/2018\/07\/A_OpenWeekend_Yamaha-Showroom_0419-1024x405.jpg 1024w, https:\/\/www.hostettler.com\/wp-content\/uploads\/2018\/07\/A_OpenWeekend_Yamaha-Showroom_0419-50x20.jpg 50w, https:\/\/www.hostettler.com\/wp-content\/uploads\/2018\/07\/A_OpenWeekend_Yamaha-Showroom_0419-200x79.jpg 200w\" sizes=\"auto, (max-width: 1200px) 100vw, 1200px\" \/>\n<p><strong>Au plus pr\u00e8s des pilotes de course Randy Krummenacher et Horst Saiger<\/strong><br \/>\nLors de l\u2019Open Weekend, les fans de moto ont \u00e9galement eu l\u2019occasion de c\u00f4toyer Randy Krummenacher, actuellement en t\u00eate du championnat du monde World Supersport, ainsi que Horst Saiger, pilote sur route qui a particip\u00e9 \u00e0 plusieurs reprises au TT &#8211; Isle of Man, et dont ils ont pu obtenir des autographes ainsi que des selfies. Dans leur travail sur les circuits, ces deux sportifs d\u2019exception font confiance \u00e0 la puissance des Yamaha et aux \u00e9quipements de protection de la marque iXS de hostettler.<\/p>\n<img loading=\"lazy\" decoding=\"async\" class=\"alignnone size-full wp-image-5519\" src=\"https:\/\/www.hostettler.com\/wp-content\/uploads\/2018\/07\/A_OpenWeekend_Saiger-Krummenacher_0419.jpg\" alt=\"\" width=\"1200\" height=\"475\" srcset=\"https:\/\/www.hostettler.com\/wp-content\/uploads\/2018\/07\/A_OpenWeekend_Saiger-Krummenacher_0419.jpg 1200w, https:\/\/www.hostettler.com\/wp-content\/uploads\/2018\/07\/A_OpenWeekend_Saiger-Krummenacher_0419-150x59.jpg 150w, https:\/\/www.hostettler.com\/wp-content\/uploads\/2018\/07\/A_OpenWeekend_Saiger-Krummenacher_0419-300x119.jpg 300w, https:\/\/www.hostettler.com\/wp-content\/uploads\/2018\/07\/A_OpenWeekend_Saiger-Krummenacher_0419-768x304.jpg 768w, https:\/\/www.hostettler.com\/wp-content\/uploads\/2018\/07\/A_OpenWeekend_Saiger-Krummenacher_0419-1024x405.jpg 1024w, https:\/\/www.hostettler.com\/wp-content\/uploads\/2018\/07\/A_OpenWeekend_Saiger-Krummenacher_0419-50x20.jpg 50w, https:\/\/www.hostettler.com\/wp-content\/uploads\/2018\/07\/A_OpenWeekend_Saiger-Krummenacher_0419-200x79.jpg 200w\" sizes=\"auto, (max-width: 1200px) 100vw, 1200px\" \/>\n<p>L\u2019Open Weekend de Sursee marquait le lancement de la tourn\u00e9e europ\u00e9enne du MT Tour et \u00e0 cette occasion les visiteurs ont pu se convaincre des ind\u00e9niables qualit\u00e9s des mod\u00e8les Hyper Naked de la gamme Yamaha lors d\u2019un essai routier. Nos visiteurs ont \u00e9galement pu admirer l\u2019impressionnante infrastructure constitu\u00e9e par le MT-Truck ainsi que par le MT-Village.<\/p>\n<p>Peter Hostettler r\u00e9sume avec satisfaction: \u00ab Nous avons investi avec beaucoup de passion et de ressources dans la modernisation de notre site de Sursee. Maintenant, nous pouvons c\u00e9l\u00e9brer avec nos visiteurs une formidable inauguration. Nous allons continuer \u00e0 mettre plein gaz en attendant le coup d\u2019envoi r\u00e9ussi de la saison moto. \u00bb<\/p>\n<p>L\u2019Open Weekend s\u2019est conclu par un grand concours dot\u00e9 de 50 prix exceptionnels et dont le premier lot n\u2019\u00e9tait ni plus ni moins qu\u2019une Yamaha MT-07. Le Faster Sons Bar styl\u00e9 situ\u00e9 dans le showroom Yamaha ainsi que le chaleureux chalet sp\u00e9cialement install\u00e9 \u00e0 l\u2019ext\u00e9rieur pour l\u2019occasion ont assur\u00e9 la restauration des visiteurs.<\/p>\n<img loading=\"lazy\" decoding=\"async\" class=\"alignnone size-full wp-image-5522\" src=\"https:\/\/www.hostettler.com\/wp-content\/uploads\/2018\/07\/A_OpenWeekend_Faster-Sons-Bar_0419.jpg\" alt=\"\" width=\"1200\" height=\"475\" srcset=\"https:\/\/www.hostettler.com\/wp-content\/uploads\/2018\/07\/A_OpenWeekend_Faster-Sons-Bar_0419.jpg 1200w, https:\/\/www.hostettler.com\/wp-content\/uploads\/2018\/07\/A_OpenWeekend_Faster-Sons-Bar_0419-150x59.jpg 150w, https:\/\/www.hostettler.com\/wp-content\/uploads\/2018\/07\/A_OpenWeekend_Faster-Sons-Bar_0419-300x119.jpg 300w, https:\/\/www.hostettler.com\/wp-content\/uploads\/2018\/07\/A_OpenWeekend_Faster-Sons-Bar_0419-768x304.jpg 768w, https:\/\/www.hostettler.com\/wp-content\/uploads\/2018\/07\/A_OpenWeekend_Faster-Sons-Bar_0419-1024x405.jpg 1024w, https:\/\/www.hostettler.com\/wp-content\/uploads\/2018\/07\/A_OpenWeekend_Faster-Sons-Bar_0419-50x20.jpg 50w, https:\/\/www.hostettler.com\/wp-content\/uploads\/2018\/07\/A_OpenWeekend_Faster-Sons-Bar_0419-200x79.jpg 200w\" sizes=\"auto, (max-width: 1200px) 100vw, 1200px\" \/>\n","protected":false},"excerpt":{"rendered":"<p>Le week-end des 30 et 31 mars 2019, apr\u00e8s cinq mois de travaux intensifs, le groupe hostettler a organis\u00e9 un \u00ab Open Weekend \u00bb pour inaugurer les locaux de vente modernis\u00e9s de son si\u00e8ge principal, dans la zone industrielle de Sursee (LU). Pr\u00e8s de 4000 visiteurs ont particip\u00e9 \u00e0 cette f\u00eate sous un soleil radieux.<\/p>\n","protected":false},"author":10,"featured_media":8230,"comment_status":"closed","ping_status":"closed","sticky":false,"template":"","format":"standard","meta":{"_acf_changed":false,"_genesis_hide_title":false,"_genesis_hide_breadcrumbs":false,"_genesis_hide_singular_image":false,"_genesis_hide_footer_widgets":false,"_genesis_custom_body_class":"","_genesis_custom_post_class":"","_genesis_layout":"","footnotes":""},"categories":[12],"tags":[],"class_list":{"0":"post-5527","1":"post","2":"type-post","3":"status-publish","4":"format-standard","5":"has-post-thumbnail","7":"category-hostettler-group","8":"entry"},"acf":[],"_links":{"self":[{"href":"https:\/\/www.hostettler.com\/fr\/wp-json\/wp\/v2\/posts\/5527","targetHints":{"allow":["GET"]}}],"collection":[{"href":"https:\/\/www.hostettler.com\/fr\/wp-json\/wp\/v2\/posts"}],"about":[{"href":"https:\/\/www.hostettler.com\/fr\/wp-json\/wp\/v2\/types\/post"}],"author":[{"embeddable":true,"href":"https:\/\/www.hostettler.com\/fr\/wp-json\/wp\/v2\/users\/10"}],"replies":[{"embeddable":true,"href":"https:\/\/www.hostettler.com\/fr\/wp-json\/wp\/v2\/comments?post=5527"}],"version-history":[{"count":0,"href":"https:\/\/www.hostettler.com\/fr\/wp-json\/wp\/v2\/posts\/5527\/revisions"}],"wp:featuredmedia":[{"embeddable":true,"href":"https:\/\/www.hostettler.com\/fr\/wp-json\/wp\/v2\/media\/8230"}],"wp:attachment":[{"href":"https:\/\/www.hostettler.com\/fr\/wp-json\/wp\/v2\/media?parent=5527"}],"wp:term":[{"taxonomy":"category","embeddable":true,"href":"https:\/\/www.hostettler.com\/fr\/wp-json\/wp\/v2\/categories?post=5527"},{"taxonomy":"post_tag","embeddable":true,"href":"https:\/\/www.hostettler.com\/fr\/wp-json\/wp\/v2\/tags?post=5527"}],"curies":[{"name":"wp","href":"https:\/\/api.w.org\/{rel}","templated":true}]}}