{"id":8997,"date":"2019-12-02T14:49:39","date_gmt":"2019-12-02T13:49:39","guid":{"rendered":"http:\/\/www.hostettler.com\/?p=8997"},"modified":"2024-05-14T10:23:44","modified_gmt":"2024-05-14T09:23:44","slug":"tom-petertil-le-nouveau-coo-de-hostettler-group","status":"publish","type":"post","link":"https:\/\/www.hostettler.com\/fr\/tom-petertil-le-nouveau-coo-de-hostettler-group\/","title":{"rendered":"Tom Petertil, le nouveau COO de hostettler group"},"content":{"rendered":"<img loading=\"lazy\" decoding=\"async\" class=\"alignnone size-full wp-image-8993\" src=\"https:\/\/www.hostettler.com\/wp-content\/uploads\/2019\/03\/News_hostettler-group-COO-Tom-Petertil_01-12-2019.jpg\" alt=\"\" width=\"1200\" height=\"675\" srcset=\"https:\/\/www.hostettler.com\/wp-content\/uploads\/2019\/03\/News_hostettler-group-COO-Tom-Petertil_01-12-2019.jpg 1200w, https:\/\/www.hostettler.com\/wp-content\/uploads\/2019\/03\/News_hostettler-group-COO-Tom-Petertil_01-12-2019-300x169.jpg 300w, https:\/\/www.hostettler.com\/wp-content\/uploads\/2019\/03\/News_hostettler-group-COO-Tom-Petertil_01-12-2019-1024x576.jpg 1024w, https:\/\/www.hostettler.com\/wp-content\/uploads\/2019\/03\/News_hostettler-group-COO-Tom-Petertil_01-12-2019-150x84.jpg 150w, https:\/\/www.hostettler.com\/wp-content\/uploads\/2019\/03\/News_hostettler-group-COO-Tom-Petertil_01-12-2019-768x432.jpg 768w, https:\/\/www.hostettler.com\/wp-content\/uploads\/2019\/03\/News_hostettler-group-COO-Tom-Petertil_01-12-2019-50x28.jpg 50w, https:\/\/www.hostettler.com\/wp-content\/uploads\/2019\/03\/News_hostettler-group-COO-Tom-Petertil_01-12-2019-178x100.jpg 178w\" sizes=\"auto, (max-width: 1200px) 100vw, 1200px\" \/>\n<div class=\"is-style-roboto-bold\">La direction de hostettler group a \u00e9t\u00e9 renforc\u00e9e: depuis le 1er d\u00e9cembre 2019, Tom Petertil occupe le poste de Chief Operating Officer (COO) et assiste ainsi Peter Hostettler, copropri\u00e9taire du groupe.<\/div>\n<\/p>\n<p>Tom Petertil (49 ans) travaille dans la branche auto-moto depuis plus de trente ans. Depuis le 1er d\u00e9cembre, il apporte son savoir-faire en qualit\u00e9 de COO de hostettler group \u00e0 Sursee (LU). Tom Petertil assume la responsabilit\u00e9 globale du d\u00e9veloppement et de la transformation des secteurs et processus d\u2019entreprise de hostettler group et rend directement compte au copropri\u00e9taire Peter Hostettler. Ce dernier affirme avec fiert\u00e9: \u00abNous sommes tr\u00e8s heureux de pouvoir accueillir au sein de hostettler group, en la personne de Tom Petertil, un expert avis\u00e9 disposant d\u2019un savoir-faire immense dans l\u2019industrie automobile et moto, combin\u00e9 \u00e0 une exp\u00e9rience dans le commerce de gros et de d\u00e9tail.\u00bb. De par sa fonction de COO, Tom Petertil fait partie de la direction de hostettler group.<\/p>\n<p>&nbsp;<\/p>\n","protected":false},"excerpt":{"rendered":"<p>La direction de hostettler group a \u00e9t\u00e9 renforc\u00e9e: depuis le 1er d\u00e9cembre 2019, Tom Petertil occupe le poste de Chief Operating Officer (COO) et assume la responsabilit\u00e9 globale du d\u00e9veloppement et de la transformation des secteurs et processus d\u2019entreprise de hostettler group.<\/p>\n","protected":false},"author":10,"featured_media":8995,"comment_status":"closed","ping_status":"closed","sticky":false,"template":"","format":"standard","meta":{"_acf_changed":false,"_genesis_hide_title":false,"_genesis_hide_breadcrumbs":false,"_genesis_hide_singular_image":false,"_genesis_hide_footer_widgets":false,"_genesis_custom_body_class":"","_genesis_custom_post_class":"","_genesis_layout":"","footnotes":""},"categories":[12],"tags":[],"class_list":{"0":"post-8997","1":"post","2":"type-post","3":"status-publish","4":"format-standard","5":"has-post-thumbnail","7":"category-hostettler-group","8":"entry"},"acf":[],"_links":{"self":[{"href":"https:\/\/www.hostettler.com\/fr\/wp-json\/wp\/v2\/posts\/8997","targetHints":{"allow":["GET"]}}],"collection":[{"href":"https:\/\/www.hostettler.com\/fr\/wp-json\/wp\/v2\/posts"}],"about":[{"href":"https:\/\/www.hostettler.com\/fr\/wp-json\/wp\/v2\/types\/post"}],"author":[{"embeddable":true,"href":"https:\/\/www.hostettler.com\/fr\/wp-json\/wp\/v2\/users\/10"}],"replies":[{"embeddable":true,"href":"https:\/\/www.hostettler.com\/fr\/wp-json\/wp\/v2\/comments?post=8997"}],"version-history":[{"count":0,"href":"https:\/\/www.hostettler.com\/fr\/wp-json\/wp\/v2\/posts\/8997\/revisions"}],"wp:featuredmedia":[{"embeddable":true,"href":"https:\/\/www.hostettler.com\/fr\/wp-json\/wp\/v2\/media\/8995"}],"wp:attachment":[{"href":"https:\/\/www.hostettler.com\/fr\/wp-json\/wp\/v2\/media?parent=8997"}],"wp:term":[{"taxonomy":"category","embeddable":true,"href":"https:\/\/www.hostettler.com\/fr\/wp-json\/wp\/v2\/categories?post=8997"},{"taxonomy":"post_tag","embeddable":true,"href":"https:\/\/www.hostettler.com\/fr\/wp-json\/wp\/v2\/tags?post=8997"}],"curies":[{"name":"wp","href":"https:\/\/api.w.org\/{rel}","templated":true}]}}